{"id":34385,"date":"2025-12-02T09:23:49","date_gmt":"2025-12-02T08:23:49","guid":{"rendered":"https:\/\/entefire.it\/fire\/?p=34385"},"modified":"2025-12-06T00:12:08","modified_gmt":"2025-12-05T23:12:08","slug":"la-formazione-inclusiva-come-motore-di-cambiamento-sociale-percorsi-didattici-accessibili-per-tutti","status":"publish","type":"post","link":"https:\/\/entefire.it\/fire\/f-ire\/la-formazione-inclusiva-come-motore-di-cambiamento-sociale-percorsi-didattici-accessibili-per-tutti\/","title":{"rendered":"La formazione inclusiva come motore di cambiamento sociale: percorsi didattici accessibili per tutti"},"content":{"rendered":"<p>[et_pb_section fb_built=&#8221;1&#8243; _builder_version=&#8221;4.27.4&#8243; _module_preset=&#8221;default&#8221; min_height=&#8221;1244.4px&#8221; custom_padding=&#8221;50px|||||&#8221; global_colors_info=&#8221;{}&#8221;][et_pb_row _builder_version=&#8221;4.27.4&#8243; _module_preset=&#8221;default&#8221; min_height=&#8221;1234.4px&#8221; custom_padding=&#8221;|||1px||&#8221; global_colors_info=&#8221;{}&#8221;][et_pb_column type=&#8221;4_4&#8243; _builder_version=&#8221;4.24.3&#8243; _module_preset=&#8221;default&#8221; global_colors_info=&#8221;{}&#8221;][et_pb_text _builder_version=&#8221;4.27.4&#8243; _module_preset=&#8221;default&#8221; global_colors_info=&#8221;{}&#8221;]<\/p>\n<h2 style=\"text-align: justify;\">Cos&#8217;\u00e8 la formazione inclusiva<\/h2>\n<p style=\"text-align: justify;\">La formazione inclusiva garantisce a tutti gli individui, indipendentemente dalle loro capacit\u00e0, background culturale o condizioni economiche, l&#8217;accesso a percorsi didattici di qualit\u00e0. Si tratta di <strong>trasformare gli ambienti di apprendimento da contesti standardizzati pensati per una &#8220;persona generica&#8221; a spazi che valorizzano e considerano la diversit\u00e0 culturale, linguistica e cognitiva.<\/strong> L&#8217;obiettivo \u00e8 creare condizioni ottimali affinch\u00e9 tutti gli studenti possano apprendere insieme, senza distinzioni, sviluppando la diversit\u00e0 come punto di forza del gruppo.<\/p>\n<h2 style=\"text-align: justify;\">5 punti chiave della formazione inclusiva<\/h2>\n<ul style=\"text-align: justify;\">\n<li><strong>Personalizzazione e individualizzazione<\/strong>: la formazione inclusiva utilizza metodologie attive che adattano i percorsi educativi ai bisogni specifici di ogni singolo discente, riconoscendo stili di apprendimento e potenzialit\u00e0 diversi.<\/li>\n<li><strong>Valorizzazione della diversit\u00e0<\/strong>: la diversit\u00e0 non \u00e8 un ostacolo da superare, ma una risorsa da comprendere e sviluppare, trasformando il gruppo di apprendimento in un terreno fertile per lo sviluppo personale e collettivo.<\/li>\n<li><strong>Ambienti e contesti inclusivi<\/strong>: occorre passare da ambienti studiati per una persona media a contesti che considerano e integrano la diversit\u00e0 culturale, linguistica e cognitiva di tutti i partecipanti.<\/li>\n<li><strong>Collaborazione e relazioni<\/strong>: i pilastri della didattica inclusiva includono la collaborazione tra docenti, studenti e famiglie, nonch\u00e9 l&#8217;attenzione alle relazioni emotive che fondano un clima di appartenenza e rispetto reciproco.<\/li>\n<li><strong>Accesso equo e rimozione delle barriere<\/strong>: la formazione inclusiva garantisce l&#8217;abbattimento delle barriere economiche, geografiche e culturali, assicurando che tutti abbiano pari opportunit\u00e0 di accesso al sapere e allo sviluppo professionale.<\/li>\n<\/ul>\n<p style=\"text-align: justify;\">La formazione rappresenta uno dei diritti fondamentali di ogni persona. Eppure <strong>ancora oggi milioni di individui si trovano esclusi da percorsi educativi e professionali a causa di ostacoli economici, geografici, culturali e sociali.<\/strong> Quando le disuguaglianze persistono e le opportunit\u00e0 non sono distribuite equamente, diventa imperativo che gli enti di formazione ripensino radicalmente la propria missione, trasformando la didattica in uno strumento di inclusione e giustizia sociale. <strong>F<\/strong>.<strong>IRE Societ\u00e0 Benefit<\/strong>, con la sua vocazione di ente di formazione professionale accreditato dalla Regione Liguria, rappresenta un esempio concreto di come sia possibile abbattere le barriere che limitano l&#8217;accesso alla formazione, costruendo percorsi didattici veramente accessibili per tutti.<\/p>\n<h2 style=\"text-align: justify;\">Le barriere che ostacolano l&#8217;accesso alla formazione<\/h2>\n<p style=\"text-align: justify;\">Le ricerche dimostrano che l&#8217;esclusione dalla formazione non \u00e8 dovuta a una mancanza di talento o motivazione, bens\u00ec a <a href=\"https:\/\/www.savethechildren.it\/cosa-facciamo\/pubblicazioni\/barriere-sociali-e-di-genere-alla-formazione-educazione-stem\" rel=\"nofollow noopener\" target=\"_blank\">una serie di ostacoli strutturali<\/a> che rendono difficile, se non impossibile, l&#8217;ingresso in percorsi educativi di qualit\u00e0. Tra le barriere pi\u00f9 significative vi sono quelle di natura economica: i costi della formazione, spesso proibitivi per le famiglie in condizioni di povert\u00e0, rappresentano un primo filtro di selezione che perpetua le disuguaglianze generazionali. <strong>Le barriere geografiche<\/strong> costituiscono un secondo ostacolo rilevante, poich\u00e9 chi vive in aree rurali o poco servite dai trasporti pubblici si trova escluso dai corsi concentrati nei centri urbani. A questi si aggiungono <strong>le barriere culturali e sociali<\/strong>, che colpiscono soprattutto ragazze, ragazzi provenienti da background migranti e persone con disabilit\u00e0, i quali affrontano pregiudizi e stigma che scoraggiano la partecipazione alla formazione. La <strong>tecnologia<\/strong>, sebbene rappresenti una grande opportunit\u00e0, pu\u00f2 divenire essa stessa una barriera quando non \u00e8 progettata con consapevolezza inclusiva. Tuttavia, <a href=\"https:\/\/www.puntosicuro.it\/elearning-C-146\/diversita-equita-inclusione-il-ruolo-della-formazione-online-AR-24584\/\" rel=\"nofollow noopener\" target=\"_blank\">l&#8217;e-learning<\/a> offre potenzialit\u00e0 straordinarie nel superare le limitazioni spazio-temporali, permettendo di mettere l&#8217;istruzione a disposizione di un pubblico pi\u00f9 ampio e diversificato. L&#8217;inclusione non \u00e8 dunque semplicemente un supporto individualizzato ai margini del sistema, ma richiede una trasformazione profonda dell&#8217;ambiente didattico in una direzione pi\u00f9 aperta, flessibile e accessibile.<\/p>\n<h2 style=\"text-align: justify;\">La progettazione didattica come fondamento dell&#8217;inclusione<\/h2>\n<p style=\"text-align: justify;\">Una formazione davvero inclusiva inizia con una progettazione didattica che consideri fin dalle prime fasi le caratteristiche e i bisogni di tutti gli alunni e i corsisti. La sfida consiste nel ripensare fondamentalmente il modo in cui concepiamo l&#8217;insegnamento e l&#8217;apprendimento, <strong>abbandonando il modello standardizzato che presume un discente tipo e abbracciando invece una prospettiva universale<\/strong>. La <a href=\"https:\/\/www.diariodellaformazione.it\/editoriali-formazione\/formazione-inclusiva\/\" rel=\"nofollow noopener\" target=\"_blank\">didattica inclusiva<\/a> richiede moduli specifici dedicati all&#8217;inclusione, alla gestione delle disabilit\u00e0 e alla gestione costruttiva della convivenza. Inoltre, le metodologie didattiche inclusive possono trasformare il modo di fare scuola, rendendola partecipativa e significativa per tutti, incluse le persone neurodivergenti. Ci\u00f2 significa offrire molteplici modalit\u00e0 di rappresentazione dei contenuti, diverse forme di partecipazione attiva e svariati modi per gli studenti di dimostrare le proprie competenze. in questo contesto, <strong>la creazione di contenuti accessibili diventa centrale<\/strong>, richiedendo attenzione ai formati digitali, alla fruibilit\u00e0 per persone con disabilit\u00e0 visive o uditive, e alla chiarezza del linguaggio utilizzato.<\/p>\n<h2 style=\"text-align: justify;\">Le best practice di F.IRE per garantire accessibilit\u00e0<\/h2>\n<p style=\"text-align: justify;\">F.IRE Societ\u00e0 Benefit ha costruito la propria identit\u00e0 proprio attorno alla <strong>mission di promuovere la parit\u00e0 di genere e l&#8217;inclusione sociale<\/strong> attraverso <a href=\"https:\/\/entefire.it\/fire\/f-ire\/la-nostra-missione-per-luguaglianza-di-genere-attraverso-la-formazione\/\">percorsi formativi innovativi<\/a>. La formazione professionale accreditata si rivolge a vari segmenti di popolazione, tra cui apprendisti, occupati, disoccupati e persone in situazione di vulnerabilit\u00e0. Questa pluralit\u00e0 di destinatari riflette una consapevolezza profonda del fatto che l&#8217;inclusione richiede di raggiungere attivamente coloro che sono stati storicamente esclusi.<\/p>\n<p style=\"text-align: justify;\">La formazione finanziata rappresenta uno strumento cruciale <strong>per rimuovere le barriere economiche<\/strong>: F.IRE mette a disposizione dei corsisti programmi completamente gratuiti sostenuti da risorse pubbliche, rendendo cos\u00ec l&#8217;accesso equo indipendentemente dalla capacit\u00e0 economica dei partecipanti. Oltre a questo, F.IRE investe sulla <strong>parit\u00e0 di genere<\/strong>, riconoscendo che l&#8217;inclusione non pu\u00f2 prescindere da ambienti di lavoro e di apprendimento sicuri, rispettosi e privi di discriminazioni. La formazione educativa inclusiva promossa da enti come F.IRE coinvolge insegnanti, educatori e assistenti alla comunicazione, creando una comunit\u00e0 di professionisti consapevoli e sensibili alle esigenze di tutti i discenti.<\/p>\n<h2 style=\"text-align: justify;\">Dall&#8217;esclusione all&#8217;empowerment: il valore della formazione inclusiva<\/h2>\n<p style=\"text-align: justify;\">La trasformazione che la formazione inclusiva genera nelle vite dei corsisti non \u00e8 meramente professionale, ma <strong>profondamente umana<\/strong>. Le persone che superano le barriere all&#8217;accesso e partecipano a percorsi didattici pensati specificamente per loro, non solo acquisiscono competenze spendibili nel mercato del lavoro, ma sviluppano anche fiducia in se stesse e consapevolezza dei propri diritti. Questo processo di empowerment diventa particolarmente significativo per coloro che hanno affrontato discriminazione, povert\u00e0 educativa o marginalizzazione sociale.<\/p>\n<p style=\"text-align: justify;\">La scelta di enti di formazione come F.IRE di operare come <a href=\"https:\/\/entefire.it\/fire\/sostenibilita-f-ire-societa-benefit\/\">Societ\u00e0 Benefit<\/a> segnala <strong>un<\/strong> <strong>impegno oltre il profitto<\/strong>: significa prioritizzare l&#8217;impatto sociale positivo e la sostenibilit\u00e0 nel lungo termine. questo modello organizzativo consente di coniugare la qualit\u00e0 della formazione con la responsabilit\u00e0 verso la comunit\u00e0, creando un circolo virtuoso dove i corsisti non sono visti come clienti da cui estrarre valore, ma come individui il cui sviluppo umano e professionale contribuisce al benessere collettivo.<\/p>\n<h2 style=\"text-align: justify;\">Conclusione aperta<\/h2>\n<p style=\"text-align: justify;\">La formazione inclusiva non \u00e8 un&#8217;opzione o un extra, ma <strong>una necessit\u00e0 urgente in societ\u00e0 sempre pi\u00f9 complesse e disuguali<\/strong>. F.IRE Societ\u00e0 Benefit dimostra che \u00e8 possibile costruire percorsi didattici accessibili a tutti, trasformando l&#8217;educazione in uno strumento concreto di rigenerazione sociale e cambiamento positivo.<\/p>\n<p style=\"text-align: justify;\">[\/et_pb_text][\/et_pb_column][\/et_pb_row][\/et_pb_section]<\/p>\n","protected":false},"excerpt":{"rendered":"<p>Cos&#8217;\u00e8 la formazione inclusiva La formazione inclusiva garantisce a tutti gli individui, indipendentemente dalle loro capacit\u00e0, background culturale o condizioni economiche, l&#8217;accesso a percorsi didattici di qualit\u00e0. Si tratta di trasformare gli ambienti di apprendimento da contesti standardizzati pensati per una &#8220;persona generica&#8221; a spazi che valorizzano e considerano la diversit\u00e0 culturale, linguistica e cognitiva. [&hellip;]<\/p>\n","protected":false},"author":22,"featured_media":34390,"comment_status":"open","ping_status":"open","sticky":false,"template":"","format":"standard","meta":{"_et_pb_use_builder":"on","_et_pb_old_content":"","_et_gb_content_width":"","footnotes":""},"categories":[621,646],"tags":[915,913,916,600,912,687,639,914,684,622],"class_list":["post-34385","post","type-post","status-publish","format-standard","has-post-thumbnail","hentry","category-f-ire","category-sostenibilita","tag-accessibilita","tag-diversita-culturale","tag-ente-di-formazione","tag-formazione","tag-formazione-inclusiva","tag-formazione-professionale","tag-genova","tag-percorsi-didattici-accessibili","tag-regione-liguria","tag-societa-benefit"],"_links":{"self":[{"href":"https:\/\/entefire.it\/fire\/wp-json\/wp\/v2\/posts\/34385","targetHints":{"allow":["GET"]}}],"collection":[{"href":"https:\/\/entefire.it\/fire\/wp-json\/wp\/v2\/posts"}],"about":[{"href":"https:\/\/entefire.it\/fire\/wp-json\/wp\/v2\/types\/post"}],"author":[{"embeddable":true,"href":"https:\/\/entefire.it\/fire\/wp-json\/wp\/v2\/users\/22"}],"replies":[{"embeddable":true,"href":"https:\/\/entefire.it\/fire\/wp-json\/wp\/v2\/comments?post=34385"}],"version-history":[{"count":4,"href":"https:\/\/entefire.it\/fire\/wp-json\/wp\/v2\/posts\/34385\/revisions"}],"predecessor-version":[{"id":34391,"href":"https:\/\/entefire.it\/fire\/wp-json\/wp\/v2\/posts\/34385\/revisions\/34391"}],"wp:featuredmedia":[{"embeddable":true,"href":"https:\/\/entefire.it\/fire\/wp-json\/wp\/v2\/media\/34390"}],"wp:attachment":[{"href":"https:\/\/entefire.it\/fire\/wp-json\/wp\/v2\/media?parent=34385"}],"wp:term":[{"taxonomy":"category","embeddable":true,"href":"https:\/\/entefire.it\/fire\/wp-json\/wp\/v2\/categories?post=34385"},{"taxonomy":"post_tag","embeddable":true,"href":"https:\/\/entefire.it\/fire\/wp-json\/wp\/v2\/tags?post=34385"}],"curies":[{"name":"wp","href":"https:\/\/api.w.org\/{rel}","templated":true}]}}